{"id":1051,"date":"2025-12-29T11:59:24","date_gmt":"2025-12-29T11:59:24","guid":{"rendered":"https:\/\/www.outinhyvinvointi.fi\/?p=1051"},"modified":"2025-12-29T12:01:36","modified_gmt":"2025-12-29T12:01:36","slug":"kevaan-laitepilates-ryhmat-alkavat-tammikuussa","status":"publish","type":"post","link":"https:\/\/www.outinhyvinvointi.fi\/index.php\/2025\/12\/29\/kevaan-laitepilates-ryhmat-alkavat-tammikuussa\/","title":{"rendered":"Kev\u00e4\u00e4n laitepilates ryhm\u00e4t alkavat tammikuussa!"},"content":{"rendered":"\n<figure class=\"wp-block-image size-large is-resized\"><img loading=\"lazy\" decoding=\"async\" width=\"1024\" height=\"683\" src=\"https:\/\/www.outinhyvinvointi.fi\/wp-content\/uploads\/2023\/02\/kunnonkoutsi_kuvitus-8-1024x683.jpg\" alt=\"\" class=\"wp-image-685\" style=\"width:420px;height:auto\" srcset=\"https:\/\/www.outinhyvinvointi.fi\/wp-content\/uploads\/2023\/02\/kunnonkoutsi_kuvitus-8-1024x683.jpg 1024w, https:\/\/www.outinhyvinvointi.fi\/wp-content\/uploads\/2023\/02\/kunnonkoutsi_kuvitus-8-300x200.jpg 300w, https:\/\/www.outinhyvinvointi.fi\/wp-content\/uploads\/2023\/02\/kunnonkoutsi_kuvitus-8-768x512.jpg 768w, https:\/\/www.outinhyvinvointi.fi\/wp-content\/uploads\/2023\/02\/kunnonkoutsi_kuvitus-8-1536x1024.jpg 1536w, https:\/\/www.outinhyvinvointi.fi\/wp-content\/uploads\/2023\/02\/kunnonkoutsi_kuvitus-8-272x182.jpg 272w, https:\/\/www.outinhyvinvointi.fi\/wp-content\/uploads\/2023\/02\/kunnonkoutsi_kuvitus-8.jpg 2048w\" sizes=\"(max-width: 1024px) 100vw, 1024px\" \/><\/figure>\n\n\n\n<div style=\"height:100px\" aria-hidden=\"true\" class=\"wp-block-spacer\"><\/div>\n\n\n\n<p>Uudet<strong> klassisen laitepilateksen pienryhm\u00e4t<\/strong> (5.1.26- 14.6.26)<strong> Kunnonkoutsin <\/strong>studiolla ovat:<\/p>\n\n\n\n<p>Ma klo 9 Klassinen ryhm\u00e4<\/p>\n\n\n\n<p>To klo 8 ja 11 Alkeisryhm\u00e4<\/p>\n\n\n\n<p>Pe klo: 15.30 Klassinen ryhm\u00e4<\/p>\n\n\n\n<p>Ilmoittautuminen n\u00e4ihin ryhmiin <a href=\"http:\/\/www.kunnonkoutsi.fi\/koutsiryhmat\">www.kunnonkoutsi.fi\/koutsiryhmat<\/a><\/p>\n\n\n\n<div style=\"height:100px\" aria-hidden=\"true\" class=\"wp-block-spacer\"><\/div>\n\n\n\n<p>Uudet laitepilates kurssit <strong>Kauppi Sport Centerill\u00e4 14.1.26- 11.3.26 (ei 25.2.26)<\/strong><\/p>\n\n\n\n<p>Keskiviikkoisin klo 16-17  Vahva perusta &amp; liike- laitepilateksen alkeet (T\u00c4YNN\u00c4)<\/p>\n\n\n\n<p>Keskiviikkoisin klo 17-18  Liike &amp; hallinta &#8211; laitepilateksen jatkokurssi<\/p>\n\n\n\n<p>Lis\u00e4tiedot kursseista ja ilmoittautuminen <a href=\"https:\/\/kauppisportscenter.fi\/laitepilates\/\">https:\/\/kauppisportscenter.fi\/laitepilates\/<\/a><\/p>\n\n\n\n<div style=\"height:100px\" aria-hidden=\"true\" class=\"wp-block-spacer\"><\/div>\n\n\n\n<p>Mill\u00e4 tunnilla n\u00e4hd\u00e4\u00e4n? <\/p>\n\n\n\n<p>-Outi <\/p>\n\n\n\n<p><\/p>\n","protected":false},"excerpt":{"rendered":"<p>Uudet klassisen laitepilateksen pienryhm\u00e4t (5.1.26- 14.6.26) Kunnonkoutsin studiolla ovat: Ma klo 9 Klassinen ryhm\u00e4 To klo 8 ja 11 Alkeisryhm\u00e4 Pe klo: 15.30 Klassinen ryhm\u00e4 Ilmoittautuminen n\u00e4ihin ryhmiin www.kunnonkoutsi.fi\/koutsiryhmat Uudet laitepilates kurssit Kauppi Sport Centerill\u00e4 14.1.26- 11.3.26 (ei 25.2.26) Keskiviikkoisin klo 16-17 Vahva perusta &amp; liike- laitepilateksen alkeet (T\u00c4YNN\u00c4) Keskiviikkoisin klo 17-18 Liike &amp; hallinta [&hellip;]<\/p>\n","protected":false},"author":2,"featured_media":0,"comment_status":"closed","ping_status":"closed","sticky":false,"template":"","format":"standard","meta":{"footnotes":""},"categories":[1],"tags":[16,29,38,9,47,7,11,8,13,15],"yoast_head":"<!-- This site is optimized with the Yoast SEO plugin v24.3 - https:\/\/yoast.com\/wordpress\/plugins\/seo\/ -->\n<title>Kev\u00e4\u00e4n laitepilates ryhm\u00e4t alkavat tammikuussa! - Out In<\/title>\n<meta name=\"robots\" content=\"index, follow, max-snippet:-1, max-image-preview:large, max-video-preview:-1\" \/>\n<link rel=\"canonical\" href=\"https:\/\/www.outinhyvinvointi.fi\/index.php\/2025\/12\/29\/kevaan-laitepilates-ryhmat-alkavat-tammikuussa\/\" \/>\n<meta property=\"og:locale\" content=\"fi_FI\" \/>\n<meta property=\"og:type\" content=\"article\" \/>\n<meta property=\"og:title\" content=\"Kev\u00e4\u00e4n laitepilates ryhm\u00e4t alkavat tammikuussa! - Out In\" \/>\n<meta property=\"og:description\" content=\"Uudet klassisen laitepilateksen pienryhm\u00e4t (5.1.26- 14.6.26) Kunnonkoutsin studiolla ovat: Ma klo 9 Klassinen ryhm\u00e4 To klo 8 ja 11 Alkeisryhm\u00e4 Pe klo: 15.30 Klassinen ryhm\u00e4 Ilmoittautuminen n\u00e4ihin ryhmiin www.kunnonkoutsi.fi\/koutsiryhmat Uudet laitepilates kurssit Kauppi Sport Centerill\u00e4 14.1.26- 11.3.26 (ei 25.2.26) Keskiviikkoisin klo 16-17 Vahva perusta &amp; liike- laitepilateksen alkeet (T\u00c4YNN\u00c4) Keskiviikkoisin klo 17-18 Liike &amp; hallinta [&hellip;]\" \/>\n<meta property=\"og:url\" content=\"https:\/\/www.outinhyvinvointi.fi\/index.php\/2025\/12\/29\/kevaan-laitepilates-ryhmat-alkavat-tammikuussa\/\" \/>\n<meta property=\"og:site_name\" content=\"Out In\" \/>\n<meta property=\"article:published_time\" content=\"2025-12-29T11:59:24+00:00\" \/>\n<meta property=\"article:modified_time\" content=\"2025-12-29T12:01:36+00:00\" \/>\n<meta property=\"og:image\" content=\"https:\/\/www.outinhyvinvointi.fi\/wp-content\/uploads\/2023\/02\/kunnonkoutsi_kuvitus-8.jpg\" \/>\n\t<meta property=\"og:image:width\" content=\"2048\" \/>\n\t<meta property=\"og:image:height\" content=\"1365\" \/>\n\t<meta property=\"og:image:type\" content=\"image\/jpeg\" \/>\n<meta name=\"author\" content=\"Outi\" \/>\n<meta name=\"twitter:card\" content=\"summary_large_image\" \/>\n<meta name=\"twitter:label1\" content=\"Kirjoittanut\" \/>\n\t<meta name=\"twitter:data1\" content=\"Outi\" \/>\n<script type=\"application\/ld+json\" class=\"yoast-schema-graph\">{\"@context\":\"https:\/\/schema.org\",\"@graph\":[{\"@type\":\"Article\",\"@id\":\"https:\/\/www.outinhyvinvointi.fi\/index.php\/2025\/12\/29\/kevaan-laitepilates-ryhmat-alkavat-tammikuussa\/#article\",\"isPartOf\":{\"@id\":\"https:\/\/www.outinhyvinvointi.fi\/index.php\/2025\/12\/29\/kevaan-laitepilates-ryhmat-alkavat-tammikuussa\/\"},\"author\":{\"name\":\"Outi\",\"@id\":\"https:\/\/www.outinhyvinvointi.fi\/#\/schema\/person\/f8886cf05d420aa2c71c598557d31d28\"},\"headline\":\"Kev\u00e4\u00e4n laitepilates ryhm\u00e4t alkavat tammikuussa!\",\"datePublished\":\"2025-12-29T11:59:24+00:00\",\"dateModified\":\"2025-12-29T12:01:36+00:00\",\"mainEntityOfPage\":{\"@id\":\"https:\/\/www.outinhyvinvointi.fi\/index.php\/2025\/12\/29\/kevaan-laitepilates-ryhmat-alkavat-tammikuussa\/\"},\"wordCount\":79,\"publisher\":{\"@id\":\"https:\/\/www.outinhyvinvointi.fi\/#organization\"},\"image\":{\"@id\":\"https:\/\/www.outinhyvinvointi.fi\/index.php\/2025\/12\/29\/kevaan-laitepilates-ryhmat-alkavat-tammikuussa\/#primaryimage\"},\"thumbnailUrl\":\"https:\/\/www.outinhyvinvointi.fi\/wp-content\/uploads\/2023\/02\/kunnonkoutsi_kuvitus-8-1024x683.jpg\",\"keywords\":[\"hyvinvointi\",\"hyvinvointia\",\"kivutonselk\u00e4\",\"laitepilates\",\"pilateksellatimmivartalo\",\"pilates\",\"pilates- kurssi\",\"pilatestampere\",\"tampereellatapahtuu\",\"tehokascore\"],\"articleSection\":[\"Uncategorized\"],\"inLanguage\":\"fi\"},{\"@type\":\"WebPage\",\"@id\":\"https:\/\/www.outinhyvinvointi.fi\/index.php\/2025\/12\/29\/kevaan-laitepilates-ryhmat-alkavat-tammikuussa\/\",\"url\":\"https:\/\/www.outinhyvinvointi.fi\/index.php\/2025\/12\/29\/kevaan-laitepilates-ryhmat-alkavat-tammikuussa\/\",\"name\":\"Kev\u00e4\u00e4n laitepilates ryhm\u00e4t alkavat tammikuussa! - Out In\",\"isPartOf\":{\"@id\":\"https:\/\/www.outinhyvinvointi.fi\/#website\"},\"primaryImageOfPage\":{\"@id\":\"https:\/\/www.outinhyvinvointi.fi\/index.php\/2025\/12\/29\/kevaan-laitepilates-ryhmat-alkavat-tammikuussa\/#primaryimage\"},\"image\":{\"@id\":\"https:\/\/www.outinhyvinvointi.fi\/index.php\/2025\/12\/29\/kevaan-laitepilates-ryhmat-alkavat-tammikuussa\/#primaryimage\"},\"thumbnailUrl\":\"https:\/\/www.outinhyvinvointi.fi\/wp-content\/uploads\/2023\/02\/kunnonkoutsi_kuvitus-8-1024x683.jpg\",\"datePublished\":\"2025-12-29T11:59:24+00:00\",\"dateModified\":\"2025-12-29T12:01:36+00:00\",\"breadcrumb\":{\"@id\":\"https:\/\/www.outinhyvinvointi.fi\/index.php\/2025\/12\/29\/kevaan-laitepilates-ryhmat-alkavat-tammikuussa\/#breadcrumb\"},\"inLanguage\":\"fi\",\"potentialAction\":[{\"@type\":\"ReadAction\",\"target\":[\"https:\/\/www.outinhyvinvointi.fi\/index.php\/2025\/12\/29\/kevaan-laitepilates-ryhmat-alkavat-tammikuussa\/\"]}]},{\"@type\":\"ImageObject\",\"inLanguage\":\"fi\",\"@id\":\"https:\/\/www.outinhyvinvointi.fi\/index.php\/2025\/12\/29\/kevaan-laitepilates-ryhmat-alkavat-tammikuussa\/#primaryimage\",\"url\":\"https:\/\/www.outinhyvinvointi.fi\/wp-content\/uploads\/2023\/02\/kunnonkoutsi_kuvitus-8.jpg\",\"contentUrl\":\"https:\/\/www.outinhyvinvointi.fi\/wp-content\/uploads\/2023\/02\/kunnonkoutsi_kuvitus-8.jpg\",\"width\":2048,\"height\":1365},{\"@type\":\"BreadcrumbList\",\"@id\":\"https:\/\/www.outinhyvinvointi.fi\/index.php\/2025\/12\/29\/kevaan-laitepilates-ryhmat-alkavat-tammikuussa\/#breadcrumb\",\"itemListElement\":[{\"@type\":\"ListItem\",\"position\":1,\"name\":\"Etusivu\",\"item\":\"https:\/\/www.outinhyvinvointi.fi\/\"},{\"@type\":\"ListItem\",\"position\":2,\"name\":\"Kev\u00e4\u00e4n laitepilates ryhm\u00e4t alkavat tammikuussa!\"}]},{\"@type\":\"WebSite\",\"@id\":\"https:\/\/www.outinhyvinvointi.fi\/#website\",\"url\":\"https:\/\/www.outinhyvinvointi.fi\/\",\"name\":\"Out In\",\"description\":\"Liikunta ja hyvinvointipalvelut\",\"publisher\":{\"@id\":\"https:\/\/www.outinhyvinvointi.fi\/#organization\"},\"potentialAction\":[{\"@type\":\"SearchAction\",\"target\":{\"@type\":\"EntryPoint\",\"urlTemplate\":\"https:\/\/www.outinhyvinvointi.fi\/?s={search_term_string}\"},\"query-input\":{\"@type\":\"PropertyValueSpecification\",\"valueRequired\":true,\"valueName\":\"search_term_string\"}}],\"inLanguage\":\"fi\"},{\"@type\":\"Organization\",\"@id\":\"https:\/\/www.outinhyvinvointi.fi\/#organization\",\"name\":\"Out In\",\"url\":\"https:\/\/www.outinhyvinvointi.fi\/\",\"logo\":{\"@type\":\"ImageObject\",\"inLanguage\":\"fi\",\"@id\":\"https:\/\/www.outinhyvinvointi.fi\/#\/schema\/logo\/image\/\",\"url\":\"https:\/\/www.outinhyvinvointi.fi\/wp-content\/uploads\/2022\/09\/cropped-Out-In-hyvinvointi-logo-2.png\",\"contentUrl\":\"https:\/\/www.outinhyvinvointi.fi\/wp-content\/uploads\/2022\/09\/cropped-Out-In-hyvinvointi-logo-2.png\",\"width\":300,\"height\":181,\"caption\":\"Out In\"},\"image\":{\"@id\":\"https:\/\/www.outinhyvinvointi.fi\/#\/schema\/logo\/image\/\"}},{\"@type\":\"Person\",\"@id\":\"https:\/\/www.outinhyvinvointi.fi\/#\/schema\/person\/f8886cf05d420aa2c71c598557d31d28\",\"name\":\"Outi\",\"image\":{\"@type\":\"ImageObject\",\"inLanguage\":\"fi\",\"@id\":\"https:\/\/www.outinhyvinvointi.fi\/#\/schema\/person\/image\/\",\"url\":\"https:\/\/secure.gravatar.com\/avatar\/8370f37baeb0f06c6d9242ebd422e7b6?s=96&d=mm&r=g\",\"contentUrl\":\"https:\/\/secure.gravatar.com\/avatar\/8370f37baeb0f06c6d9242ebd422e7b6?s=96&d=mm&r=g\",\"caption\":\"Outi\"},\"sameAs\":[\"https:\/\/www.outinhyvinvointi.fi\"],\"url\":\"https:\/\/www.outinhyvinvointi.fi\/index.php\/author\/outinhyvinvointi\/\"}]}<\/script>\n<!-- \/ Yoast SEO plugin. -->","yoast_head_json":{"title":"Kev\u00e4\u00e4n laitepilates ryhm\u00e4t alkavat tammikuussa! - Out In","robots":{"index":"index","follow":"follow","max-snippet":"max-snippet:-1","max-image-preview":"max-image-preview:large","max-video-preview":"max-video-preview:-1"},"canonical":"https:\/\/www.outinhyvinvointi.fi\/index.php\/2025\/12\/29\/kevaan-laitepilates-ryhmat-alkavat-tammikuussa\/","og_locale":"fi_FI","og_type":"article","og_title":"Kev\u00e4\u00e4n laitepilates ryhm\u00e4t alkavat tammikuussa! - Out In","og_description":"Uudet klassisen laitepilateksen pienryhm\u00e4t (5.1.26- 14.6.26) Kunnonkoutsin studiolla ovat: Ma klo 9 Klassinen ryhm\u00e4 To klo 8 ja 11 Alkeisryhm\u00e4 Pe klo: 15.30 Klassinen ryhm\u00e4 Ilmoittautuminen n\u00e4ihin ryhmiin www.kunnonkoutsi.fi\/koutsiryhmat Uudet laitepilates kurssit Kauppi Sport Centerill\u00e4 14.1.26- 11.3.26 (ei 25.2.26) Keskiviikkoisin klo 16-17 Vahva perusta &amp; liike- laitepilateksen alkeet (T\u00c4YNN\u00c4) Keskiviikkoisin klo 17-18 Liike &amp; hallinta [&hellip;]","og_url":"https:\/\/www.outinhyvinvointi.fi\/index.php\/2025\/12\/29\/kevaan-laitepilates-ryhmat-alkavat-tammikuussa\/","og_site_name":"Out In","article_published_time":"2025-12-29T11:59:24+00:00","article_modified_time":"2025-12-29T12:01:36+00:00","og_image":[{"width":2048,"height":1365,"url":"https:\/\/www.outinhyvinvointi.fi\/wp-content\/uploads\/2023\/02\/kunnonkoutsi_kuvitus-8.jpg","type":"image\/jpeg"}],"author":"Outi","twitter_card":"summary_large_image","twitter_misc":{"Kirjoittanut":"Outi"},"schema":{"@context":"https:\/\/schema.org","@graph":[{"@type":"Article","@id":"https:\/\/www.outinhyvinvointi.fi\/index.php\/2025\/12\/29\/kevaan-laitepilates-ryhmat-alkavat-tammikuussa\/#article","isPartOf":{"@id":"https:\/\/www.outinhyvinvointi.fi\/index.php\/2025\/12\/29\/kevaan-laitepilates-ryhmat-alkavat-tammikuussa\/"},"author":{"name":"Outi","@id":"https:\/\/www.outinhyvinvointi.fi\/#\/schema\/person\/f8886cf05d420aa2c71c598557d31d28"},"headline":"Kev\u00e4\u00e4n laitepilates ryhm\u00e4t alkavat tammikuussa!","datePublished":"2025-12-29T11:59:24+00:00","dateModified":"2025-12-29T12:01:36+00:00","mainEntityOfPage":{"@id":"https:\/\/www.outinhyvinvointi.fi\/index.php\/2025\/12\/29\/kevaan-laitepilates-ryhmat-alkavat-tammikuussa\/"},"wordCount":79,"publisher":{"@id":"https:\/\/www.outinhyvinvointi.fi\/#organization"},"image":{"@id":"https:\/\/www.outinhyvinvointi.fi\/index.php\/2025\/12\/29\/kevaan-laitepilates-ryhmat-alkavat-tammikuussa\/#primaryimage"},"thumbnailUrl":"https:\/\/www.outinhyvinvointi.fi\/wp-content\/uploads\/2023\/02\/kunnonkoutsi_kuvitus-8-1024x683.jpg","keywords":["hyvinvointi","hyvinvointia","kivutonselk\u00e4","laitepilates","pilateksellatimmivartalo","pilates","pilates- kurssi","pilatestampere","tampereellatapahtuu","tehokascore"],"articleSection":["Uncategorized"],"inLanguage":"fi"},{"@type":"WebPage","@id":"https:\/\/www.outinhyvinvointi.fi\/index.php\/2025\/12\/29\/kevaan-laitepilates-ryhmat-alkavat-tammikuussa\/","url":"https:\/\/www.outinhyvinvointi.fi\/index.php\/2025\/12\/29\/kevaan-laitepilates-ryhmat-alkavat-tammikuussa\/","name":"Kev\u00e4\u00e4n laitepilates ryhm\u00e4t alkavat tammikuussa! - Out In","isPartOf":{"@id":"https:\/\/www.outinhyvinvointi.fi\/#website"},"primaryImageOfPage":{"@id":"https:\/\/www.outinhyvinvointi.fi\/index.php\/2025\/12\/29\/kevaan-laitepilates-ryhmat-alkavat-tammikuussa\/#primaryimage"},"image":{"@id":"https:\/\/www.outinhyvinvointi.fi\/index.php\/2025\/12\/29\/kevaan-laitepilates-ryhmat-alkavat-tammikuussa\/#primaryimage"},"thumbnailUrl":"https:\/\/www.outinhyvinvointi.fi\/wp-content\/uploads\/2023\/02\/kunnonkoutsi_kuvitus-8-1024x683.jpg","datePublished":"2025-12-29T11:59:24+00:00","dateModified":"2025-12-29T12:01:36+00:00","breadcrumb":{"@id":"https:\/\/www.outinhyvinvointi.fi\/index.php\/2025\/12\/29\/kevaan-laitepilates-ryhmat-alkavat-tammikuussa\/#breadcrumb"},"inLanguage":"fi","potentialAction":[{"@type":"ReadAction","target":["https:\/\/www.outinhyvinvointi.fi\/index.php\/2025\/12\/29\/kevaan-laitepilates-ryhmat-alkavat-tammikuussa\/"]}]},{"@type":"ImageObject","inLanguage":"fi","@id":"https:\/\/www.outinhyvinvointi.fi\/index.php\/2025\/12\/29\/kevaan-laitepilates-ryhmat-alkavat-tammikuussa\/#primaryimage","url":"https:\/\/www.outinhyvinvointi.fi\/wp-content\/uploads\/2023\/02\/kunnonkoutsi_kuvitus-8.jpg","contentUrl":"https:\/\/www.outinhyvinvointi.fi\/wp-content\/uploads\/2023\/02\/kunnonkoutsi_kuvitus-8.jpg","width":2048,"height":1365},{"@type":"BreadcrumbList","@id":"https:\/\/www.outinhyvinvointi.fi\/index.php\/2025\/12\/29\/kevaan-laitepilates-ryhmat-alkavat-tammikuussa\/#breadcrumb","itemListElement":[{"@type":"ListItem","position":1,"name":"Etusivu","item":"https:\/\/www.outinhyvinvointi.fi\/"},{"@type":"ListItem","position":2,"name":"Kev\u00e4\u00e4n laitepilates ryhm\u00e4t alkavat tammikuussa!"}]},{"@type":"WebSite","@id":"https:\/\/www.outinhyvinvointi.fi\/#website","url":"https:\/\/www.outinhyvinvointi.fi\/","name":"Out In","description":"Liikunta ja hyvinvointipalvelut","publisher":{"@id":"https:\/\/www.outinhyvinvointi.fi\/#organization"},"potentialAction":[{"@type":"SearchAction","target":{"@type":"EntryPoint","urlTemplate":"https:\/\/www.outinhyvinvointi.fi\/?s={search_term_string}"},"query-input":{"@type":"PropertyValueSpecification","valueRequired":true,"valueName":"search_term_string"}}],"inLanguage":"fi"},{"@type":"Organization","@id":"https:\/\/www.outinhyvinvointi.fi\/#organization","name":"Out In","url":"https:\/\/www.outinhyvinvointi.fi\/","logo":{"@type":"ImageObject","inLanguage":"fi","@id":"https:\/\/www.outinhyvinvointi.fi\/#\/schema\/logo\/image\/","url":"https:\/\/www.outinhyvinvointi.fi\/wp-content\/uploads\/2022\/09\/cropped-Out-In-hyvinvointi-logo-2.png","contentUrl":"https:\/\/www.outinhyvinvointi.fi\/wp-content\/uploads\/2022\/09\/cropped-Out-In-hyvinvointi-logo-2.png","width":300,"height":181,"caption":"Out In"},"image":{"@id":"https:\/\/www.outinhyvinvointi.fi\/#\/schema\/logo\/image\/"}},{"@type":"Person","@id":"https:\/\/www.outinhyvinvointi.fi\/#\/schema\/person\/f8886cf05d420aa2c71c598557d31d28","name":"Outi","image":{"@type":"ImageObject","inLanguage":"fi","@id":"https:\/\/www.outinhyvinvointi.fi\/#\/schema\/person\/image\/","url":"https:\/\/secure.gravatar.com\/avatar\/8370f37baeb0f06c6d9242ebd422e7b6?s=96&d=mm&r=g","contentUrl":"https:\/\/secure.gravatar.com\/avatar\/8370f37baeb0f06c6d9242ebd422e7b6?s=96&d=mm&r=g","caption":"Outi"},"sameAs":["https:\/\/www.outinhyvinvointi.fi"],"url":"https:\/\/www.outinhyvinvointi.fi\/index.php\/author\/outinhyvinvointi\/"}]}},"_links":{"self":[{"href":"https:\/\/www.outinhyvinvointi.fi\/index.php\/wp-json\/wp\/v2\/posts\/1051"}],"collection":[{"href":"https:\/\/www.outinhyvinvointi.fi\/index.php\/wp-json\/wp\/v2\/posts"}],"about":[{"href":"https:\/\/www.outinhyvinvointi.fi\/index.php\/wp-json\/wp\/v2\/types\/post"}],"author":[{"embeddable":true,"href":"https:\/\/www.outinhyvinvointi.fi\/index.php\/wp-json\/wp\/v2\/users\/2"}],"replies":[{"embeddable":true,"href":"https:\/\/www.outinhyvinvointi.fi\/index.php\/wp-json\/wp\/v2\/comments?post=1051"}],"version-history":[{"count":4,"href":"https:\/\/www.outinhyvinvointi.fi\/index.php\/wp-json\/wp\/v2\/posts\/1051\/revisions"}],"predecessor-version":[{"id":1055,"href":"https:\/\/www.outinhyvinvointi.fi\/index.php\/wp-json\/wp\/v2\/posts\/1051\/revisions\/1055"}],"wp:attachment":[{"href":"https:\/\/www.outinhyvinvointi.fi\/index.php\/wp-json\/wp\/v2\/media?parent=1051"}],"wp:term":[{"taxonomy":"category","embeddable":true,"href":"https:\/\/www.outinhyvinvointi.fi\/index.php\/wp-json\/wp\/v2\/categories?post=1051"},{"taxonomy":"post_tag","embeddable":true,"href":"https:\/\/www.outinhyvinvointi.fi\/index.php\/wp-json\/wp\/v2\/tags?post=1051"}],"curies":[{"name":"wp","href":"https:\/\/api.w.org\/{rel}","templated":true}]}}